{
    "id": 68,
    "date": "2019-07-20T12:39:47",
    "date_gmt": "2019-07-20T12:39:47",
    "guid": {
        "rendered": "http:\/\/youthcentresup.fitt.ro\/?page_id=68"
    },
    "modified": "2021-11-03T16:56:31",
    "modified_gmt": "2021-11-03T16:56:31",
    "slug": "despre",
    "status": "publish",
    "type": "page",
    "link": "https:\/\/youthcentresup.fitt.ro\/en\/",
    "title": {
        "rendered": "Despre"
    },
    "content": {
        "rendered": "<p>[et_pb_section fb_built=&#8221;1&#8243; fullwidth=&#8221;on&#8221; next_background_color=&#8221;#232220&#8243; admin_label=&#8221;Header Section&#8221; _builder_version=&#8221;4.5.1&#8243; background_color=&#8221;#000000&#8243; background_image=&#8221;http:\/\/youthcentresup.fitt.ro\/wp-content\/uploads\/2020\/10\/WhatsApp-Image-2020-10-30-at-12.14.29-PM.jpeg&#8221; bottom_divider_style=&#8221;ramp&#8221; bottom_divider_flip=&#8221;horizontal&#8221;][et_pb_fullwidth_header title=&#8221;Vrei s\u0103 fii un Schimb\u0103-lume?&#8221; button_one_text=&#8221;Aplic\u0103 aici &#8230;&#8221; button_one_url=&#8221;@ET-DC@eyJkeW5hbWljIjp0cnVlLCJjb250ZW50IjoicG9zdF9saW5rX3VybF9wYWdlIiwic2V0dGluZ3MiOnsicG9zdF9pZCI6IjEzMTIifX0=@&#8221; content_max_width=&#8221;640px&#8221; _builder_version=&#8221;4.5.1&#8243; _dynamic_attributes=&#8221;button_one_url&#8221; title_font=&#8221;Poppins|700||on|||||&#8221; title_text_align=&#8221;left&#8221; title_text_color=&#8221;#ffffff&#8221; title_font_size=&#8221;35px&#8221; title_letter_spacing=&#8221;3px&#8221; title_line_height=&#8221;1.5em&#8221; content_font=&#8221;Lora||||||||&#8221; content_font_size=&#8221;22px&#8221; content_line_height=&#8221;2em&#8221; subhead_font=&#8221;Lora|700|||||||&#8221; subhead_font_size=&#8221;80px&#8221; subhead_line_height=&#8221;1.5em&#8221; background_color=&#8221;rgba(0,0,0,0.57)&#8221; background_enable_image=&#8221;off&#8221; parallax=&#8221;on&#8221; parallax_method=&#8221;on&#8221; custom_button_one=&#8221;on&#8221; button_one_text_size=&#8221;16px&#8221; button_one_text_color=&#8221;#ffffff&#8221; button_one_bg_color=&#8221;#d29f68&#8243; button_one_border_width=&#8221;15px&#8221; button_one_border_color=&#8221;rgba(210,159,104,0)&#8221; button_one_border_radius=&#8221;100px&#8221; button_one_letter_spacing=&#8221;3px&#8221; button_one_font=&#8221;Oswald|||on|||||&#8221; button_one_use_icon=&#8221;off&#8221; custom_button_two=&#8221;on&#8221; button_two_text_size=&#8221;16px&#8221; button_two_text_color=&#8221;#ffffff&#8221; button_two_bg_color=&#8221;rgba(255,255,255,0.35)&#8221; button_two_border_width=&#8221;15px&#8221; button_two_border_color=&#8221;rgba(0,0,0,0)&#8221; button_two_border_radius=&#8221;100px&#8221; button_two_letter_spacing=&#8221;3px&#8221; button_two_font=&#8221;Oswald|||on|||||&#8221; button_two_use_icon=&#8221;off&#8221; custom_margin=&#8221;|||&#8221; custom_padding=&#8221;9vw||9vw||true|&#8221; animation_style=&#8221;fade&#8221; animation_duration=&#8221;2000ms&#8221; subhead_font_size_tablet=&#8221;80px&#8221; subhead_font_size_phone=&#8221;50px&#8221; subhead_font_size_last_edited=&#8221;on|desktop&#8221; title_text_shadow_style=&#8221;preset1&#8243; title_text_shadow_blur_strength=&#8221;0.38em&#8221; title_text_shadow_color=&#8221;#000000&#8243; button_one_border_radius_hover=&#8221;100px&#8221; button_one_bg_color_hover=&#8221;#cc8d66&#8243; button_two_bg_color_hover=&#8221;#d29f68&#8243; button_one_text_size__hover_enabled=&#8221;off&#8221; button_two_text_size__hover_enabled=&#8221;off&#8221; button_one_text_color__hover_enabled=&#8221;off&#8221; button_two_text_color__hover_enabled=&#8221;off&#8221; button_one_border_width__hover_enabled=&#8221;off&#8221; button_two_border_width__hover_enabled=&#8221;off&#8221; button_one_border_color__hover_enabled=&#8221;off&#8221; button_two_border_color__hover_enabled=&#8221;off&#8221; button_one_border_radius__hover_enabled=&#8221;on&#8221; button_one_border_radius__hover=&#8221;100px&#8221; button_two_border_radius__hover_enabled=&#8221;off&#8221; button_one_letter_spacing__hover_enabled=&#8221;off&#8221; button_two_letter_spacing__hover_enabled=&#8221;off&#8221; button_one_bg_color__hover_enabled=&#8221;on&#8221; button_one_bg_color__hover=&#8221;#cc8d66&#8243; button_two_bg_color__hover_enabled=&#8221;on&#8221; button_two_bg_color__hover=&#8221;#d29f68&#8243;][\/et_pb_fullwidth_header][\/et_pb_section][et_pb_section fb_built=&#8221;1&#8243; admin_label=&#8221;Services Section&#8221; _builder_version=&#8221;3.22&#8243; background_color=&#8221;#232220&#8243; custom_padding=&#8221;80px|0px|80px|0px|true|false&#8221;][et_pb_row column_structure=&#8221;1_5,1_5,1_5,1_5,1_5&#8243; _builder_version=&#8221;3.25&#8243;][et_pb_column type=&#8221;1_5&#8243; _builder_version=&#8221;3.25&#8243; custom_padding=&#8221;|||&#8221; custom_padding__hover=&#8221;|||&#8221;][et_pb_image src=&#8221;http:\/\/youthcentresup.fitt.ro\/wp-content\/uploads\/2020\/10\/2-02.png&#8221; title_text=&#8221;2-02&#8243; _builder_version=&#8221;4.5.1&#8243; _module_preset=&#8221;default&#8221; animation_style=&#8221;zoom&#8221;][\/et_pb_image][\/et_pb_column][et_pb_column type=&#8221;1_5&#8243; _builder_version=&#8221;3.25&#8243; custom_padding=&#8221;|||&#8221; custom_padding__hover=&#8221;|||&#8221;][et_pb_image src=&#8221;http:\/\/youthcentresup.fitt.ro\/wp-content\/uploads\/2020\/10\/3-03.png&#8221; title_text=&#8221;3-03&#8243; _builder_version=&#8221;4.5.1&#8243; _module_preset=&#8221;default&#8221; animation_style=&#8221;zoom&#8221;][\/et_pb_image][\/et_pb_column][et_pb_column type=&#8221;1_5&#8243; _builder_version=&#8221;3.25&#8243; custom_padding=&#8221;|||&#8221; custom_padding__hover=&#8221;|||&#8221;][et_pb_image src=&#8221;http:\/\/youthcentresup.fitt.ro\/wp-content\/uploads\/2020\/10\/4-04.png&#8221; title_text=&#8221;4-04&#8243; _builder_version=&#8221;4.5.1&#8243; _module_preset=&#8221;default&#8221; animation_style=&#8221;zoom&#8221;][\/et_pb_image][\/et_pb_column][et_pb_column type=&#8221;1_5&#8243; _builder_version=&#8221;3.25&#8243; custom_padding=&#8221;|||&#8221; custom_padding__hover=&#8221;|||&#8221;][et_pb_image src=&#8221;http:\/\/youthcentresup.fitt.ro\/wp-content\/uploads\/2020\/10\/5-05.png&#8221; title_text=&#8221;5-05&#8243; _builder_version=&#8221;4.5.1&#8243; _module_preset=&#8221;default&#8221; animation_style=&#8221;zoom&#8221;][\/et_pb_image][\/et_pb_column][et_pb_column type=&#8221;1_5&#8243; _builder_version=&#8221;3.25&#8243; custom_padding=&#8221;|||&#8221; custom_padding__hover=&#8221;|||&#8221;][et_pb_image src=&#8221;http:\/\/youthcentresup.fitt.ro\/wp-content\/uploads\/2020\/10\/1-01.png&#8221; title_text=&#8221;1-01&#8243; _builder_version=&#8221;4.5.1&#8243; _module_preset=&#8221;default&#8221; animation_style=&#8221;zoom&#8221;][\/et_pb_image][\/et_pb_column][\/et_pb_row][\/et_pb_section][et_pb_section fb_built=&#8221;1&#8243; admin_label=&#8221;Vision Section&#8221; _builder_version=&#8221;3.22&#8243; background_color=&#8221;#232220&#8243; use_background_color_gradient=&#8221;on&#8221; background_color_gradient_start=&#8221;#232220&#8243; background_color_gradient_end=&#8221;#ffffff&#8221; background_color_gradient_start_position=&#8221;50%&#8221; background_color_gradient_end_position=&#8221;50%&#8221; custom_padding=&#8221;11px|0px|80px|0px|false|false&#8221;][et_pb_row _builder_version=&#8221;4.5.1&#8243; background_color=&#8221;#2378BB&#8221; background_enable_image=&#8221;off&#8221; custom_padding=&#8221;2px|40px|2px|40px|true|false&#8221; filter_brightness=&#8221;99%&#8221; animation_style=&#8221;zoom&#8221; animation_intensity_zoom=&#8221;5%&#8221; border_radii=&#8221;on|8px|8px|8px|8px&#8221; box_shadow_style=&#8221;preset3&#8243; box_shadow_vertical=&#8221;110px&#8221; box_shadow_blur=&#8221;80px&#8221; box_shadow_spread=&#8221;-80px&#8221; box_shadow_color=&#8221;rgba(0,0,0,0.12)&#8221;][et_pb_column type=&#8221;4_4&#8243; _builder_version=&#8221;3.25&#8243; custom_padding=&#8221;|||&#8221; custom_padding__hover=&#8221;|||&#8221;][et_pb_text _builder_version=&#8221;4.5.1&#8243; text_font=&#8221;Lora||||||||&#8221; text_text_color=&#8221;#000000&#8243; text_font_size=&#8221;18px&#8221; text_line_height=&#8221;2em&#8221; link_font=&#8221;||||||||&#8221; ul_font=&#8221;||||||||&#8221; ol_font=&#8221;||||||||&#8221; quote_font=&#8221;||||||||&#8221; header_font=&#8221;||||||||&#8221; header_2_font=&#8221;Lora|700|||||||&#8221; header_2_font_size=&#8221;50px&#8221; header_2_line_height=&#8221;1.5em&#8221; header_5_font=&#8221;Oswald|||on|||||&#8221; header_5_text_color=&#8221;rgba(255,255,255,0.4)&#8221; header_5_font_size=&#8221;20px&#8221; header_5_letter_spacing=&#8221;3px&#8221; header_5_line_height=&#8221;1.7em&#8221; background_color=&#8221;rgba(0,0,0,0)&#8221; background_color_gradient_direction=&#8221;98deg&#8221; text_orientation=&#8221;center&#8221; background_layout=&#8221;dark&#8221; max_width=&#8221;750px&#8221; module_alignment=&#8221;center&#8221; custom_padding=&#8221;|||&#8221; text_line_height_last_edited=&#8221;off|desktop&#8221; header_2_font_size_tablet=&#8221;&#8221; header_2_font_size_phone=&#8221;36px&#8221; header_2_font_size_last_edited=&#8221;on|desktop&#8221; text_text_shadow_style=&#8221;preset1&#8243;]<\/p>\n<h2><span color=\"#ffffff\" style=\"color: #ffffff;\">Why Youth Centers UP?<\/span><\/h2>\n<p><span style=\"font-weight: 400; color: #ffffff;\">Youth Centers UP was a project funded by the European Solidarity Corps that aimed to create new safe spaces for expression and learning, dedicated to the young people. In the same time, in the context of Timisoara becoming the European Capital of Culture, there was also a need for spaces where young people could express and develop freely. Neighborhood youth centers are now spaces for all young people, regardless of identity, preferences, sex, religion or other characteristics. Thus, the project aimed to lay the foundations in order to become communication spaces between young people and the community, where they come together and develop (themselves).<\/span><\/p>\n<p><span style=\"font-weight: 400; color: #ffffff;\">Over a period of 40 days, young citizens from 26 different countries had been engaged in solidarity activities as volunteers, alongside the Community of Timisoara, to set up and transform old industrial buildings into urban youth centers.<\/span><\/p>\n<p>[\/et_pb_text][\/et_pb_column][\/et_pb_row][\/et_pb_section][et_pb_section fb_built=&#8221;1&#8243; next_background_color=&#8221;#232220&#8243; admin_label=&#8221;Listings&#8221; _builder_version=&#8221;4.5.1&#8243; custom_margin=&#8221;-25px|||||&#8221; custom_padding=&#8221;0px||0px||false|false&#8221; bottom_divider_style=&#8221;ramp&#8221; animation_style=&#8221;fade&#8221; animation_delay=&#8221;200ms&#8221;][\/et_pb_section][et_pb_section fb_built=&#8221;1&#8243; admin_label=&#8221;Services Section&#8221; _builder_version=&#8221;3.22&#8243; background_color=&#8221;#232220&#8243; custom_padding=&#8221;80px|0px|80px|0px|true|false&#8221;][et_pb_row _builder_version=&#8221;3.25&#8243;][et_pb_column type=&#8221;4_4&#8243; _builder_version=&#8221;3.25&#8243; custom_padding=&#8221;|||&#8221; custom_padding__hover=&#8221;|||&#8221;][et_pb_text _builder_version=&#8221;4.5.1&#8243; text_font=&#8221;||||||||&#8221; header_font=&#8221;||||||||&#8221; header_2_font=&#8221;Lora|700|||||||&#8221; header_2_font_size=&#8221;50px&#8221; header_2_line_height=&#8221;1.5em&#8221; header_5_font=&#8221;Oswald|||on|||||&#8221; header_5_text_color=&#8221;rgba(255,255,255,0.4)&#8221; header_5_font_size=&#8221;20px&#8221; header_5_letter_spacing=&#8221;3px&#8221; header_5_line_height=&#8221;1.7em&#8221; text_orientation=&#8221;center&#8221; background_layout=&#8221;dark&#8221; max_width=&#8221;600px&#8221; module_alignment=&#8221;center&#8221; animation_style=&#8221;fade&#8221; text_line_height_last_edited=&#8221;off|desktop&#8221; header_2_font_size_tablet=&#8221;&#8221; header_2_font_size_phone=&#8221;36px&#8221; header_2_font_size_last_edited=&#8221;on|desktop&#8221;]<\/p>\n<h2>Project stages<\/h2>\n<p>[\/et_pb_text][\/et_pb_column][\/et_pb_row][et_pb_row column_structure=&#8221;1_2,1_2&#8243; _builder_version=&#8221;3.25&#8243;][et_pb_column type=&#8221;1_2&#8243; _builder_version=&#8221;3.25&#8243; custom_padding=&#8221;|||&#8221; custom_padding__hover=&#8221;|||&#8221;][et_pb_blurb title=&#8221;Formarea Echipelor \u0219i cunoa\u0219terea comunit\u0103\u021bii&#8221; url=&#8221;http:\/\/youthcentresup.fitt.ro\/?page_id=414\/#formatea-echipelor&#8221; image=&#8221;http:\/\/youthcentresup.fitt.ro\/wp-content\/uploads\/2020\/10\/echipe-1-01.png&#8221; image_max_width=&#8221;64px&#8221; _builder_version=&#8221;4.5.1&#8243; header_font=&#8221;Oswald|||on|||||&#8221; header_text_align=&#8221;center&#8221; header_letter_spacing=&#8221;3px&#8221; header_line_height=&#8221;1.7em&#8221; body_font=&#8221;Lora||||||||&#8221; body_font_size=&#8221;18px&#8221; body_line_height=&#8221;2em&#8221; text_orientation=&#8221;center&#8221; background_layout=&#8221;dark&#8221; animation_style=&#8221;fold&#8221; animation=&#8221;off&#8221; link_option_url=&#8221;http:\/\/youthcentresup.fitt.ro\/?page_id=414\/#formatea-echipelor&#8221;][\/et_pb_blurb][\/et_pb_column][et_pb_column type=&#8221;1_2&#8243; _builder_version=&#8221;3.25&#8243; custom_padding=&#8221;|||&#8221; custom_padding__hover=&#8221;|||&#8221;][et_pb_blurb title=&#8221;Ateliere de dezvoltare a abilit\u0103\u021bilor practice&#8221; url=&#8221;http:\/\/youthcentresup.fitt.ro\/?page_id=414\/#ateliere-dezvoltare&#8221; image=&#8221;http:\/\/youthcentresup.fitt.ro\/wp-content\/uploads\/2020\/10\/training-01.png&#8221; image_max_width=&#8221;64px&#8221; _builder_version=&#8221;4.5.1&#8243; header_font=&#8221;Oswald|||on|||||&#8221; header_text_align=&#8221;center&#8221; header_letter_spacing=&#8221;3px&#8221; header_line_height=&#8221;1.7em&#8221; body_font=&#8221;Lora||||||||&#8221; body_font_size=&#8221;18px&#8221; body_line_height=&#8221;2em&#8221; text_orientation=&#8221;center&#8221; background_layout=&#8221;dark&#8221; animation_style=&#8221;fold&#8221; animation=&#8221;off&#8221; link_option_url=&#8221;http:\/\/youthcentresup.fitt.ro\/?page_id=414\/#ateliere-dezvoltare&#8221;][\/et_pb_blurb][\/et_pb_column][\/et_pb_row][et_pb_row column_structure=&#8221;1_2,1_2&#8243; _builder_version=&#8221;3.25&#8243;][et_pb_column type=&#8221;1_2&#8243; _builder_version=&#8221;3.25&#8243; custom_padding=&#8221;|||&#8221; custom_padding__hover=&#8221;|||&#8221;][et_pb_blurb title=&#8221;Amenajarea centrelor de tineret&#8221; url=&#8221;http:\/\/youthcentresup.fitt.ro\/?page_id=414\/#amenajare-centre&#8221; image=&#8221;http:\/\/youthcentresup.fitt.ro\/wp-content\/uploads\/2020\/10\/amenajare-01.png&#8221; image_max_width=&#8221;64px&#8221; _builder_version=&#8221;4.5.1&#8243; header_font=&#8221;Oswald|||on|||||&#8221; header_text_align=&#8221;center&#8221; header_letter_spacing=&#8221;3px&#8221; header_line_height=&#8221;1.7em&#8221; body_font=&#8221;Lora||||||||&#8221; body_font_size=&#8221;18px&#8221; body_line_height=&#8221;2em&#8221; text_orientation=&#8221;center&#8221; background_layout=&#8221;dark&#8221; animation_style=&#8221;fold&#8221; animation=&#8221;off&#8221; link_option_url=&#8221;http:\/\/youthcentresup.fitt.ro\/?page_id=414\/#amenajare-centre&#8221;][\/et_pb_blurb][\/et_pb_column][et_pb_column type=&#8221;1_2&#8243; _builder_version=&#8221;3.25&#8243; custom_padding=&#8221;|||&#8221; custom_padding__hover=&#8221;|||&#8221;][et_pb_blurb title=&#8221;Conferin\u021ba de valorizare a rezultatelor&#8221; url=&#8221;http:\/\/youthcentresup.fitt.ro\/?page_id=414\/#conferinta&#8221; image=&#8221;http:\/\/youthcentresup.fitt.ro\/wp-content\/uploads\/2020\/10\/conferinta-01.png&#8221; image_max_width=&#8221;64px&#8221; _builder_version=&#8221;4.5.1&#8243; header_font=&#8221;Oswald|||on|||||&#8221; header_text_align=&#8221;center&#8221; header_letter_spacing=&#8221;3px&#8221; header_line_height=&#8221;1.7em&#8221; body_font=&#8221;Lora||||||||&#8221; body_font_size=&#8221;18px&#8221; body_line_height=&#8221;2em&#8221; text_orientation=&#8221;center&#8221; background_layout=&#8221;dark&#8221; animation_style=&#8221;fold&#8221; animation=&#8221;off&#8221; link_option_url=&#8221;http:\/\/youthcentresup.fitt.ro\/?page_id=414\/#conferinta&#8221;][\/et_pb_blurb][\/et_pb_column][\/et_pb_row][et_pb_row column_structure=&#8221;1_2,1_2&#8243; _builder_version=&#8221;3.25&#8243;][et_pb_column type=&#8221;1_2&#8243; _builder_version=&#8221;3.25&#8243; custom_padding=&#8221;|||&#8221; custom_padding__hover=&#8221;|||&#8221;][et_pb_blurb title=&#8221;Inaugurarea centrelor de tineret&#8221; url=&#8221;http:\/\/youthcentresup.fitt.ro\/?page_id=414\/#inaugurare-centre&#8221; image=&#8221;http:\/\/youthcentresup.fitt.ro\/wp-content\/uploads\/2020\/10\/inauguration-01.png&#8221; image_max_width=&#8221;64px&#8221; _builder_version=&#8221;4.5.1&#8243; header_font=&#8221;Oswald|||on|||||&#8221; header_text_align=&#8221;center&#8221; header_letter_spacing=&#8221;3px&#8221; header_line_height=&#8221;1.7em&#8221; body_font=&#8221;Lora||||||||&#8221; body_font_size=&#8221;18px&#8221; body_line_height=&#8221;2em&#8221; text_orientation=&#8221;center&#8221; background_layout=&#8221;dark&#8221; animation_style=&#8221;fold&#8221; animation=&#8221;off&#8221; link_option_url=&#8221;http:\/\/youthcentresup.fitt.ro\/?page_id=414\/#inaugurare-centre&#8221;][\/et_pb_blurb][\/et_pb_column][et_pb_column type=&#8221;1_2&#8243; _builder_version=&#8221;3.25&#8243; custom_padding=&#8221;|||&#8221; custom_padding__hover=&#8221;|||&#8221;][et_pb_blurb title=&#8221;evaluarea proiectului&#8221; url=&#8221;http:\/\/youthcentresup.fitt.ro\/?page_id=414\/#evaluare-proiect&#8221; image=&#8221;http:\/\/youthcentresup.fitt.ro\/wp-content\/uploads\/2020\/10\/evaluare-01.png&#8221; image_max_width=&#8221;64px&#8221; _builder_version=&#8221;4.5.1&#8243; header_font=&#8221;Oswald|||on|||||&#8221; header_text_align=&#8221;center&#8221; header_letter_spacing=&#8221;3px&#8221; header_line_height=&#8221;1.7em&#8221; body_font=&#8221;Lora||||||||&#8221; body_font_size=&#8221;18px&#8221; body_line_height=&#8221;2em&#8221; text_orientation=&#8221;center&#8221; background_layout=&#8221;dark&#8221; animation_style=&#8221;fold&#8221; animation=&#8221;off&#8221; link_option_url=&#8221;http:\/\/youthcentresup.fitt.ro\/?page_id=414\/#evaluare-proiect&#8221;][\/et_pb_blurb][\/et_pb_column][\/et_pb_row][\/et_pb_section][et_pb_section fb_built=&#8221;1&#8243; admin_label=&#8221;Get Involved&#8221; _builder_version=&#8221;4.5.1&#8243; custom_padding=&#8221;40px|0|40px|0px|true|false&#8221;][et_pb_row _builder_version=&#8221;4.5.1&#8243; _module_preset=&#8221;default&#8221;][et_pb_column type=&#8221;4_4&#8243; _builder_version=&#8221;4.5.1&#8243; _module_preset=&#8221;default&#8221;][et_pb_slider _builder_version=&#8221;4.5.1&#8243; _module_preset=&#8221;default&#8221;][et_pb_slide use_bg_overlay=&#8221;on&#8221; use_text_overlay=&#8221;on&#8221; text_border_radius=&#8221;100px&#8221; _builder_version=&#8221;4.5.1&#8243; _module_preset=&#8221;default&#8221; background_color=&#8221;#88c4dd&#8221; background_enable_color=&#8221;on&#8221; background_image=&#8221;http:\/\/youthcentresup.fitt.ro\/wp-content\/uploads\/2020\/10\/colaj2.jpg&#8221; background_enable_image=&#8221;on&#8221; filter_contrast=&#8221;113%&#8221; text_shadow_style=&#8221;preset1&#8243; text_shadow_vertical_length=&#8221;-0.05em&#8221; text_shadow_blur_strength=&#8221;2em&#8221;]<\/p>\n<h3><i><span style=\"font-weight: 400;\">\u201cAfter many days of planning, we came to see the youth center. The feelings were mixed, it will take a lot of work, many hours and maybe a little love for the cause, so that the old building becomes a beacon for culture. The strange thing is, however, that Ihave no doubt that we will succeed, because the people in our team are amazingly inspired and at the same time, good and they care, that there is not the slightest fear that we will not reach our goal.\u201d\u00a0<\/span><\/i><\/h3>\n<h3><span style=\"font-weight: 400;\">\u2013 Marietta Tselepi, Greece<\/span><\/h3>\n<p>[\/et_pb_slide][et_pb_slide use_bg_overlay=&#8221;on&#8221; use_text_overlay=&#8221;on&#8221; _builder_version=&#8221;4.5.1&#8243; _module_preset=&#8221;default&#8221; background_image=&#8221;http:\/\/youthcentresup.fitt.ro\/wp-content\/uploads\/2020\/10\/colaj2.jpg&#8221; background_enable_image=&#8221;on&#8221;]<\/p>\n<h3><span style=\"font-weight: 400;\">\u201e<\/span><i><span style=\"font-weight: 400;\">\u201eToday we had the action in the street, so many questions appeared in our minds: can we convince them to join our mission? We tried to stay positive.\u201d<\/span><\/i><\/h3>\n<h3><span style=\"font-weight: 400;\">\u2013 Danjela Jakaj, Albania<\/span><\/h3>\n<p>[\/et_pb_slide][et_pb_slide use_bg_overlay=&#8221;on&#8221; use_text_overlay=&#8221;on&#8221; _builder_version=&#8221;4.5.1&#8243; _module_preset=&#8221;default&#8221; background_color=&#8221;#1fe0ba&#8221; background_enable_color=&#8221;on&#8221; background_image=&#8221;http:\/\/youthcentresup.fitt.ro\/wp-content\/uploads\/2020\/10\/colaj2.jpg&#8221; background_enable_image=&#8221;on&#8221;]<\/p>\n<h3><span style=\"font-weight: 400;\">\u201e<\/span><i><span style=\"font-weight: 400;\">\u201cOne of the main sources of our motivation came also from the support of the community. I have witnessed many examples of kindness from neighbors. One morning, we had not yet received the working tools and a man, who worked nearby, came to us with three tools and enjoyed the day. Also, other neighbors gave us water and food when we all needed it, and they also welcomed us with open arms and a smile on our faces.\u201d<\/span><\/i><span style=\"font-weight: 400;\">\u201d <\/span><\/h3>\n<h3><span style=\"font-weight: 400;\">\u2013 Red team (Lipovei Youth Centre)<\/span><\/h3>\n<p>[\/et_pb_slide][et_pb_slide use_bg_overlay=&#8221;on&#8221; use_text_overlay=&#8221;on&#8221; _builder_version=&#8221;4.5.1&#8243; _module_preset=&#8221;default&#8221; background_image=&#8221;http:\/\/youthcentresup.fitt.ro\/wp-content\/uploads\/2020\/10\/colaj2.jpg&#8221; background_enable_image=&#8221;on&#8221;]<\/p>\n<h3><span style=\"font-weight: 400;\">\u201e<\/span><i><span style=\"font-weight: 400;\">\u201eThis week we started cleaning the youth centre. The first time I saw the space, I thought it would probably take weeks for it to be cleaned, but now I realized that through teamwork, anything is possible. I feel that our centre is really beautiful and has a lot of prospects to become very great with a beautiful yard, I am very pleased.\u201e<\/span><\/i><span style=\"font-weight: 400;\">\u201d <\/span><\/h3>\n<h3><span style=\"font-weight: 400;\">\u2013 Christina Fountou, Greece<\/span><\/h3>\n<p>[\/et_pb_slide][et_pb_slide use_bg_overlay=&#8221;on&#8221; use_text_overlay=&#8221;on&#8221; _builder_version=&#8221;4.5.1&#8243; _module_preset=&#8221;default&#8221; background_color=&#8221;#c88bda&#8221; background_enable_color=&#8221;on&#8221; background_image=&#8221;http:\/\/youthcentresup.fitt.ro\/wp-content\/uploads\/2020\/10\/colaj2.jpg&#8221; background_enable_image=&#8221;on&#8221;]<\/p>\n<h3><span style=\"font-weight: 400;\">\u201e<\/span><i><span style=\"font-weight: 400;\">\u201eEvery day this week we came home, dirty, tired, with plaster pieces in the hair. Our feet and hands are covered with cement. The feeling of fatigue is a little overwhelming for everyone, but the pride and satisfaction are even greater. How can we be so tired, sweaty and yet so happy? Maybe that\u2019s what volunteering in about.\u201d<\/span><\/i><span style=\"font-weight: 400;\">\u201d <\/span><\/h3>\n<h3><span style=\"font-weight: 400;\">\u2013 Red team (Lipovei Youth Centre)<\/span><\/h3>\n<p>[\/et_pb_slide][et_pb_slide use_bg_overlay=&#8221;on&#8221; use_text_overlay=&#8221;on&#8221; _builder_version=&#8221;4.5.1&#8243; _module_preset=&#8221;default&#8221; background_color=&#8221;#8b68ee&#8221; background_enable_color=&#8221;on&#8221; background_image=&#8221;http:\/\/youthcentresup.fitt.ro\/wp-content\/uploads\/2020\/10\/colaj2.jpg&#8221; background_enable_image=&#8221;on&#8221;]<\/p>\n<h3><span style=\"font-weight: 400;\">\u201e<\/span><i><span style=\"font-weight: 400;\">\u201eBeing a part of the Youth Centres Up project was a life changing experience that also changed me as a person. If you asked me if I\u2019d do it again, I\u2019d never think twice before saying yes. I met amazing people from literally all over the world and made beautiful friendships that I want to keep for the rest of my life.<\/span><\/i><\/h3>\n<h3><i>&#8230;<\/i><\/h3>\n<p>[\/et_pb_slide][et_pb_slide use_bg_overlay=&#8221;on&#8221; use_text_overlay=&#8221;on&#8221; _builder_version=&#8221;4.5.1&#8243; _module_preset=&#8221;default&#8221; background_color=&#8221;#8300E9&#8243; background_enable_color=&#8221;on&#8221; background_image=&#8221;http:\/\/youthcentresup.fitt.ro\/wp-content\/uploads\/2020\/10\/colaj2.jpg&#8221; background_enable_image=&#8221;on&#8221;]<\/p>\n<h3><i><span style=\"font-weight: 400;\">&#8230;<\/span><\/i><\/h3>\n<h3><i><span style=\"font-weight: 400;\">I had the luck to be part of an amazing team of volunteers that made the process of building that youth centre so much smoother and fun despite the challenges and we achieved the goal of making a safe place for the younger population of Timisoara. In most of the days I got to the dorm exhausted and covered in dust, cement, paint (a lot of paint) and sweat but always with the amazing feeling of knowing I was doing the right thing and that I was making a change in that community. I felt useful and that I was not wasting my summer break melting on the couch looking at my phone.<\/span><\/i><\/h3>\n<h3><i><span style=\"font-weight: 400;\">&#8230;<\/span><\/i><\/h3>\n<p>[\/et_pb_slide][et_pb_slide use_bg_overlay=&#8221;on&#8221; use_text_overlay=&#8221;on&#8221; _builder_version=&#8221;4.5.1&#8243; _module_preset=&#8221;default&#8221; background_color=&#8221;#8300E9&#8243; background_enable_color=&#8221;on&#8221; background_image=&#8221;http:\/\/youthcentresup.fitt.ro\/wp-content\/uploads\/2020\/10\/colaj2.jpg&#8221; background_enable_image=&#8221;on&#8221;]<\/p>\n<h3><i><span style=\"font-weight: 400;\">&#8230;<\/span><\/i><\/h3>\n<h3><i><span style=\"font-weight: 400;\">I have so many great memories from this project. From the jokes, the cultural nights and complaining about walls to the trips and chilled moments, to the talks about solidarity and knowing how to get to a consensus in your team\u2026 There\u2019s just so much I could say about how much fun it was to be a part of this and how much I miss everyone that I could almost write a book. I came back home a different person. I gained skills, I met people, I learned a new language and got to know a lot of many different cultures.<\/span><\/i><\/h3>\n<h3><i><span style=\"font-weight: 400;\">&#8230;<\/span><\/i><\/h3>\n<p>[\/et_pb_slide][et_pb_slide use_bg_overlay=&#8221;on&#8221; use_text_overlay=&#8221;on&#8221; _builder_version=&#8221;4.5.1&#8243; _module_preset=&#8221;default&#8221; background_color=&#8221;#8300E9&#8243; background_enable_color=&#8221;on&#8221; background_image=&#8221;http:\/\/youthcentresup.fitt.ro\/wp-content\/uploads\/2020\/10\/colaj2.jpg&#8221; background_enable_image=&#8221;on&#8221;]<\/p>\n<h3><i><span style=\"font-weight: 400;\">&#8230;<\/span><\/i><\/h3>\n<h3><i><span style=\"font-weight: 400;\">The FITT team was amazing and they did everything to make sure we felt good during this project. They were always by our side and ready to help us if we needed a hand (or last-minute materials) and none of this would\u2019ve been possible without them. They were one of the main reasons this project was this successful.<\/span><\/i><\/h3>\n<h3><i><span style=\"font-weight: 400;\">Ask me again. Would I repeat the experience? Definitely.<\/span><\/i><\/h3>\n<h3><i><span style=\"font-weight: 400;\">Not only I gained skills and friends and a couch to sleep on in different countries, but I also gained a family.\u201d<\/span><\/i><span style=\"font-weight: 400;\">\u201d <\/span><\/h3>\n<h3><span style=\"font-weight: 400;\">\u2013 Andreia Nunes, Portugal <\/span><\/h3>\n<p>[\/et_pb_slide][et_pb_slide use_bg_overlay=&#8221;on&#8221; use_text_overlay=&#8221;on&#8221; _builder_version=&#8221;4.5.1&#8243; _module_preset=&#8221;default&#8221; background_image=&#8221;http:\/\/youthcentresup.fitt.ro\/wp-content\/uploads\/2020\/10\/colaj2.jpg&#8221; background_enable_image=&#8221;on&#8221;]<\/p>\n<h3><span style=\"font-weight: 400;\">\u201e<\/span><i><span style=\"font-weight: 400;\">\u201eIt was around eleven in the night when I finally arrived in Timisoara after two flights, a three hour stay at the Frankfurt airport and a four hour ride. I was so very tired and after my roommate brought me to my room for the next 40 days I had only the presence of mind to put on my pyjamas, wash my teeth and fall on my new bed.<\/span><\/i><\/h3>\n<h3><i>&#8230;<\/i><\/h3>\n<p>[\/et_pb_slide][et_pb_slide use_bg_overlay=&#8221;on&#8221; use_text_overlay=&#8221;on&#8221; _builder_version=&#8221;4.5.1&#8243; _module_preset=&#8221;default&#8221; background_image=&#8221;http:\/\/youthcentresup.fitt.ro\/wp-content\/uploads\/2020\/10\/colaj2.jpg&#8221; background_enable_image=&#8221;on&#8221;]<\/p>\n<h3><i><span style=\"font-weight: 400;\">&#8230;<\/span><\/i><\/h3>\n<h3><i><span style=\"font-weight: 400;\">The next day brought a warm sunny summer morning and an hour long walk to the Youth House. Looking back, I was so nervous and shy that first day, afraid of starting conversations with people who at the end of the project had become so very close to my heart. That first day, we painted our flag and because green and red with an yellow circle between them was kind of boring, the Portuguese decided to write \u201cwelcome\u201d in every language that would be spoken in the project. When the Portuguese girls walked around with our flag asking everyone \u201cDo you see your language here?\u201d was the moment I felt that this project could be a truly wonderful thing.<\/span><\/i><\/h3>\n<h3><i><span style=\"font-weight: 400;\">&#8230;<\/span><\/i><\/h3>\n<p>[\/et_pb_slide][et_pb_slide use_bg_overlay=&#8221;on&#8221; use_text_overlay=&#8221;on&#8221; _builder_version=&#8221;4.5.1&#8243; _module_preset=&#8221;default&#8221; background_image=&#8221;http:\/\/youthcentresup.fitt.ro\/wp-content\/uploads\/2020\/10\/colaj2.jpg&#8221; background_enable_image=&#8221;on&#8221;]<\/p>\n<h3><i><span style=\"font-weight: 400;\">&#8230;<\/span><\/i><\/h3>\n<h3><i><span style=\"font-weight: 400;\">Training was strange for a lack of a better word. My team, which I now think it was surely the best ( I may be biased\u2026.) was still starting to know one another and fighting out how the work together. Still, when the training ended we weren\u2019t a proper team. Not yet. That would come later.<\/span><\/i><\/h3>\n<h3><i><span style=\"font-weight: 400;\">&#8230;<\/span><\/i><\/h3>\n<p>[\/et_pb_slide][et_pb_slide use_bg_overlay=&#8221;on&#8221; use_text_overlay=&#8221;on&#8221; _builder_version=&#8221;4.5.1&#8243; _module_preset=&#8221;default&#8221; background_image=&#8221;http:\/\/youthcentresup.fitt.ro\/wp-content\/uploads\/2020\/10\/colaj2.jpg&#8221; background_enable_image=&#8221;on&#8221;]<\/p>\n<h3><i><span style=\"font-weight: 400;\">..<\/span><\/i><\/h3>\n<h3><i><span style=\"font-weight: 400;\">The first two weeks were hard, emotionally if not physically. On one hand, our centre was in such degraded state we could only wonder if we could even manage to finish on time. We didn\u2019t have a floor! That was always on the forefront of our minds and all we could talk about. Our conversations between us and with people of other teams always, every single time, ended in the same way: \u201cWe don\u2019t have a floor!\u201d. On the other hand, our community engagement wasn\u2019t very rewarding. We thought we were in a neighbourhood who didn\u2019t care about the work we were doing and didn\u2019t want to help. Through the next weeks, we found out just how wrong we really were.<\/span><\/i><\/h3>\n<h3><i><span style=\"font-weight: 400;\">&#8230;<\/span><\/i><\/h3>\n<p>[\/et_pb_slide][et_pb_slide use_bg_overlay=&#8221;on&#8221; use_text_overlay=&#8221;on&#8221; _builder_version=&#8221;4.5.1&#8243; _module_preset=&#8221;default&#8221; background_image=&#8221;http:\/\/youthcentresup.fitt.ro\/wp-content\/uploads\/2020\/10\/colaj2.jpg&#8221; background_enable_image=&#8221;on&#8221;]<\/p>\n<h3><i><span style=\"font-weight: 400;\">&#8230;<\/span><\/i><\/h3>\n<h3><i><span style=\"font-weight: 400;\">The Red Team worked hard, so so hard. We stayed late on multiple occasions. We painted walls with only the lights from the FITT van to light our work. We would arrive at the dorms covered in paint and walls everyday. We built a floor. We spent three or four weeks working exclusively on the walls (we now hate walls). And we danced and sang while we did it. We had fun. And when the day came for our opening ceremony and we weren\u2019t expecting more than twenty people and suddenly we had seventy inside and out of our centre\u2026. Well, I haven\u2019t felt more proud.<\/span><\/i><\/h3>\n<h3><i><span style=\"font-weight: 400;\">&#8230;<\/span><\/i><\/h3>\n<p>[\/et_pb_slide][et_pb_slide use_bg_overlay=&#8221;on&#8221; use_text_overlay=&#8221;on&#8221; _builder_version=&#8221;4.5.1&#8243; _module_preset=&#8221;default&#8221; background_image=&#8221;http:\/\/youthcentresup.fitt.ro\/wp-content\/uploads\/2020\/10\/colaj2.jpg&#8221; background_enable_image=&#8221;on&#8221;]<\/p>\n<h3>&#8230;<\/h3>\n<h3><i><span style=\"font-weight: 400;\">However, no matter how proud I am of our work, what I treasure most about my time in Timisoara is our everyday lives. The dorms. The small stories that made our days brighter. The common meetings spent laughing. The fact that people who are now hundreds of kilometres away from me were just down the hall or in the floor below or above me. The dinners in the second floor kitchen. The gossip of what had happened that day in the others centres. Sharing our lives so we could compare the differences and similarities between all the countries. The nights spent in the yard, dancing and singing some more. I would do it all again, the hard work and the countless hours fixing walls, just so I could walk those halls one more time, saying good morning to everyone and attend one last morning spot.<\/span><\/i><\/h3>\n<h3><i>&#8230;<\/i><\/h3>\n<p>[\/et_pb_slide][et_pb_slide use_bg_overlay=&#8221;on&#8221; use_text_overlay=&#8221;on&#8221; _builder_version=&#8221;4.5.1&#8243; _module_preset=&#8221;default&#8221; background_image=&#8221;http:\/\/youthcentresup.fitt.ro\/wp-content\/uploads\/2020\/10\/colaj2.jpg&#8221; background_enable_image=&#8221;on&#8221;]<\/p>\n<h3>&#8230;<\/h3>\n<h3><i><span style=\"font-weight: 400;\">I will forever keep this project in my heart. The people I met are people whom I miss everyday. And I can only be grateful that I applied and was lucky enough to be accepted. And even that my heart broke when leaving Timisoara, even that sometimes I wake up expecting to see my roommate on the bed next to mine, I can take comfort in knowing that a piece of me was left behind in the walls of a youth centre behind the bazar and next to the school in Lipovei, Timi\u0219oara.\u201d<\/span><\/i><span style=\"font-weight: 400;\">\u201d <\/span><\/h3>\n<h3><span style=\"font-weight: 400;\">\u2013 Beatriz Botequilha, Portugal<\/span><\/h3>\n<p>[\/et_pb_slide][\/et_pb_slider][\/et_pb_column][\/et_pb_row][\/et_pb_section][et_pb_section fb_built=&#8221;1&#8243; next_background_color=&#8221;#232220&#8243; admin_label=&#8221;Listings&#8221; _builder_version=&#8221;3.22&#8243; custom_padding=&#8221;80px||0px||false|false&#8221; bottom_divider_style=&#8221;ramp&#8221; animation_style=&#8221;fade&#8221; animation_delay=&#8221;200ms&#8221;][\/et_pb_section][et_pb_section fb_built=&#8221;1&#8243; admin_label=&#8221;Footer Section&#8221; _builder_version=&#8221;4.5.1&#8243; background_color=&#8221;#232220&#8243; use_background_color_gradient=&#8221;on&#8221; background_color_gradient_start=&#8221;#232220&#8243; background_color_gradient_end=&#8221;rgba(35,34,32,0.13)&#8221; background_color_gradient_start_position=&#8221;25%&#8221; background_color_gradient_overlays_image=&#8221;on&#8221; background_image=&#8221;http:\/\/youthcentresup.fitt.ro\/wp-content\/uploads\/2020\/11\/YCU-cover-jos.jpg&#8221; background_size=&#8221;contain&#8221; custom_margin=&#8221;||120px|||&#8221; custom_padding=&#8221;31px|0px|31px|0px|true|false&#8221; saved_tabs=&#8221;all&#8221;][et_pb_row column_structure=&#8221;1_4,1_2,1_4&#8243; admin_label=&#8221;Subscribe&#8221; _builder_version=&#8221;4.5.1&#8243; custom_margin=&#8221;|||&#8221; custom_padding=&#8221;|||&#8221; animation_style=&#8221;zoom&#8221; animation_intensity_zoom=&#8221;5%&#8221;][et_pb_column type=&#8221;1_4&#8243; _builder_version=&#8221;4.5.1&#8243; custom_padding=&#8221;|||&#8221; custom_padding__hover=&#8221;|||&#8221;][\/et_pb_column][et_pb_column type=&#8221;1_2&#8243; _builder_version=&#8221;3.25&#8243; custom_padding=&#8221;|||&#8221; custom_padding__hover=&#8221;|||&#8221;][et_pb_text _builder_version=&#8221;4.5.1&#8243; _module_preset=&#8221;default&#8221; animation_style=&#8221;flip&#8221;]<\/p>\n<h1 style=\"text-align: center;\"><span style=\"color: #ffffff;\"><strong>CONTAC<\/strong><\/span><span style=\"color: #ffffff;\"><strong>T<\/strong><\/span><\/h1>\n<p><span style=\"color: #ffffff;\"><strong><\/strong><\/span><\/p>\n<p><span style=\"color: #ffffff;\"><strong><\/strong><\/span><\/p>\n<p><span style=\"color: #ffffff;\"><strong><\/strong><\/span><\/p>\n<h3 style=\"text-align: center;\"><span style=\"color: #ffffff;\"><strong>Mobile<\/strong>: +40256-491170<\/span><\/h3>\n<h3 style=\"text-align: center;\"><span style=\"color: #ffffff;\"><strong>E-mail:<\/strong>\u00a0office@fitt.ro\/programe@fitt.ro<\/span><\/h3>\n<p>[\/et_pb_text][et_pb_social_media_follow _builder_version=&#8221;4.5.1&#8243; text_orientation=&#8221;center&#8221; custom_margin=&#8221;100px|||&#8221; animation_style=&#8221;flip&#8221;][et_pb_social_media_follow_network social_network=&#8221;facebook&#8221; url=&#8221;https:\/\/www.facebook.com\/fitt.timisoara&#8221; _builder_version=&#8221;4.5.1&#8243; _module_preset=&#8221;default&#8221; background_color=&#8221;#3b5998&#8243; follow_button=&#8221;off&#8221; url_new_window=&#8221;on&#8221;]facebook[\/et_pb_social_media_follow_network][et_pb_social_media_follow_network social_network=&#8221;instagram&#8221; url=&#8221;https:\/\/www.instagram.com\/fitt_timisoara\/&#8221; _builder_version=&#8221;4.5.1&#8243; _module_preset=&#8221;default&#8221; background_color=&#8221;#ea2c59&#8243; follow_button=&#8221;off&#8221; url_new_window=&#8221;on&#8221;]instagram[\/et_pb_social_media_follow_network][et_pb_social_media_follow_network social_network=&#8221;twitter&#8221; url=&#8221;https:\/\/twitter.com\/fitt_timisoara?fbclid=IwAR2IDEwhIBVZHgZcBVkwVmhiETGXTd7t2s1bbKlNsSp3jFjCOURaC5145Q4&#8243; _builder_version=&#8221;4.5.1&#8243; _module_preset=&#8221;default&#8221; background_color=&#8221;#00aced&#8221; follow_button=&#8221;off&#8221; url_new_window=&#8221;on&#8221;]twitter[\/et_pb_social_media_follow_network][et_pb_social_media_follow_network social_network=&#8221;youtube&#8221; url=&#8221;https:\/\/www.youtube.com\/channel\/UCFVZDcDvmuX8kNrY-ZKSjBQ&#8221; _builder_version=&#8221;4.5.1&#8243; _module_preset=&#8221;default&#8221; background_color=&#8221;#a82400&#8243; follow_button=&#8221;off&#8221; url_new_window=&#8221;on&#8221;]youtube[\/et_pb_social_media_follow_network][et_pb_social_media_follow_network social_network=&#8221;linkedin&#8221; url=&#8221;https:\/\/www.linkedin.com\/company\/fitt\/?fbclid=IwAR1-mte8pV8YSmPdRexzWkarNZdw2H4TQpmdK0g2HQIABx2gwsQo3nG7hVE&#8221; _builder_version=&#8221;4.5.1&#8243; _module_preset=&#8221;default&#8221; background_color=&#8221;#007bb6&#8243; follow_button=&#8221;off&#8221; url_new_window=&#8221;on&#8221;]linkedin[\/et_pb_social_media_follow_network][\/et_pb_social_media_follow][\/et_pb_column][et_pb_column type=&#8221;1_4&#8243; _builder_version=&#8221;3.25&#8243; custom_padding=&#8221;|||&#8221; custom_padding__hover=&#8221;|||&#8221;][\/et_pb_column][\/et_pb_row][\/et_pb_section][et_pb_section fb_built=&#8221;1&#8243; _builder_version=&#8221;4.5.1&#8243; _module_preset=&#8221;default&#8221; min_height=&#8221;16px&#8221; custom_padding=&#8221;0px|||||&#8221;][et_pb_row column_structure=&#8221;1_6,1_6,1_6,1_6,1_6,1_6&#8243; _builder_version=&#8221;4.5.1&#8243; _module_preset=&#8221;default&#8221; animation_style=&#8221;flip&#8221;][et_pb_column type=&#8221;1_6&#8243; _builder_version=&#8221;4.5.1&#8243; _module_preset=&#8221;default&#8221;][et_pb_image src=&#8221;http:\/\/youthcentresup.fitt.ro\/wp-content\/uploads\/2020\/10\/123349323_1217055325344071_5080604713266703458_n.png&#8221; title_text=&#8221;FITT&#8221; _builder_version=&#8221;4.5.1&#8243; _module_preset=&#8221;default&#8221; animation_style=&#8221;fade&#8221;][\/et_pb_image][\/et_pb_column][et_pb_column type=&#8221;1_6&#8243; _builder_version=&#8221;4.5.1&#8243; _module_preset=&#8221;default&#8221;][et_pb_image src=&#8221;http:\/\/youthcentresup.fitt.ro\/wp-content\/uploads\/2020\/10\/Logo-esc.png&#8221; title_text=&#8221;ESC&#8221; _builder_version=&#8221;4.5.1&#8243; _module_preset=&#8221;default&#8221; animation_style=&#8221;fade&#8221;][\/et_pb_image][\/et_pb_column][et_pb_column type=&#8221;1_6&#8243; _builder_version=&#8221;4.5.1&#8243; _module_preset=&#8221;default&#8221;][et_pb_image src=&#8221;http:\/\/youthcentresup.fitt.ro\/wp-content\/uploads\/2020\/10\/Logo-Prim\u0103rie.png&#8221; title_text=&#8221;TIM&#8221; _builder_version=&#8221;4.5.1&#8243; _module_preset=&#8221;default&#8221; animation_style=&#8221;fade&#8221;][\/et_pb_image][\/et_pb_column][et_pb_column type=&#8221;1_6&#8243; _builder_version=&#8221;4.5.1&#8243; _module_preset=&#8221;default&#8221;][et_pb_image src=&#8221;http:\/\/youthcentresup.fitt.ro\/wp-content\/uploads\/2020\/10\/Logo-colterm.png&#8221; title_text=&#8221;COLTERM&#8221; _builder_version=&#8221;4.5.1&#8243; _module_preset=&#8221;default&#8221; animation_style=&#8221;fade&#8221;][\/et_pb_image][\/et_pb_column][et_pb_column type=&#8221;1_6&#8243; _builder_version=&#8221;4.5.1&#8243; _module_preset=&#8221;default&#8221;][et_pb_image src=&#8221;http:\/\/youthcentresup.fitt.ro\/wp-content\/uploads\/2020\/10\/Logo-UVT.png&#8221; title_text=&#8221;UVT&#8221; _builder_version=&#8221;4.5.1&#8243; _module_preset=&#8221;default&#8221; animation_style=&#8221;fade&#8221;][\/et_pb_image][\/et_pb_column][et_pb_column _builder_version=&#8221;4.5.1&#8243; _module_preset=&#8221;default&#8221; type=&#8221;1_6&#8243;][et_pb_image src=&#8221;https:\/\/youthcentresup.fitt.ro\/wp-content\/uploads\/2021\/11\/Expodom_logo_romanian_version.png&#8221; _builder_version=&#8221;4.5.1&#8243; _module_preset=&#8221;default&#8221; hover_enabled=&#8221;0&#8243; url=&#8221;https:\/\/www.expodom.ro\/&#8221; url_new_window=&#8221;on&#8221; width=&#8221;100%&#8221; align=&#8221;right&#8221; custom_margin=&#8221;0px||0px||false|false&#8221; custom_padding=&#8221;39px||||false|false&#8221; animation_style=&#8221;fade&#8221;][\/et_pb_image][\/et_pb_column][\/et_pb_row][\/et_pb_section][et_pb_section fb_built=&#8221;1&#8243; _builder_version=&#8221;4.5.1&#8243; _module_preset=&#8221;default&#8221;][et_pb_row _builder_version=&#8221;4.5.1&#8243; _module_preset=&#8221;default&#8221;][et_pb_column _builder_version=&#8221;4.5.1&#8243; _module_preset=&#8221;default&#8221; type=&#8221;4_4&#8243;][\/et_pb_column][\/et_pb_row][\/et_pb_section]<\/p>",
        "protected": false
    },
    "excerpt": {
        "rendered": "<p>[et_pb_section fb_built=&#8221;1&#8243; fullwidth=&#8221;on&#8221; next_background_color=&#8221;#232220&#8243; admin_label=&#8221;Header Section&#8221; _builder_version=&#8221;4.5.1&#8243; background_color=&#8221;#000000&#8243; background_image=&#8221;http:\/\/youthcentresup.fitt.ro\/wp-content\/uploads\/2020\/10\/WhatsApp-Image-2020-10-30-at-12.14.29-PM.jpeg&#8221; bottom_divider_style=&#8221;ramp&#8221; bottom_divider_flip=&#8221;horizontal&#8221;][et_pb_fullwidth_header title=&#8221;Vrei s\u0103 fii un Schimb\u0103-lume?&#8221; button_one_text=&#8221;Aplic\u0103 aici &#8230;&#8221; button_one_url=&#8221;@ET-DC@eyJkeW5hbWljIjp0cnVlLCJjb250ZW50IjoicG9zdF9saW5rX3VybF9wYWdlIiwic2V0dGluZ3MiOnsicG9zdF9pZCI6IjEzMTIifX0=@&#8221; content_max_width=&#8221;640px&#8221; _builder_version=&#8221;4.5.1&#8243; _dynamic_attributes=&#8221;button_one_url&#8221; title_font=&#8221;Poppins|700||on|||||&#8221; title_text_align=&#8221;left&#8221; title_text_color=&#8221;#ffffff&#8221; title_font_size=&#8221;35px&#8221; title_letter_spacing=&#8221;3px&#8221; title_line_height=&#8221;1.5em&#8221; content_font=&#8221;Lora||||||||&#8221; content_font_size=&#8221;22px&#8221; content_line_height=&#8221;2em&#8221; subhead_font=&#8221;Lora|700|||||||&#8221; subhead_font_size=&#8221;80px&#8221; subhead_line_height=&#8221;1.5em&#8221; background_color=&#8221;rgba(0,0,0,0.57)&#8221; background_enable_image=&#8221;off&#8221; parallax=&#8221;on&#8221; parallax_method=&#8221;on&#8221; custom_button_one=&#8221;on&#8221; button_one_text_size=&#8221;16px&#8221; button_one_text_color=&#8221;#ffffff&#8221; button_one_bg_color=&#8221;#d29f68&#8243; button_one_border_width=&#8221;15px&#8221; button_one_border_color=&#8221;rgba(210,159,104,0)&#8221; button_one_border_radius=&#8221;100px&#8221; button_one_letter_spacing=&#8221;3px&#8221; button_one_font=&#8221;Oswald|||on|||||&#8221; button_one_use_icon=&#8221;off&#8221; custom_button_two=&#8221;on&#8221; button_two_text_size=&#8221;16px&#8221; button_two_text_color=&#8221;#ffffff&#8221; button_two_bg_color=&#8221;rgba(255,255,255,0.35)&#8221; button_two_border_width=&#8221;15px&#8221; button_two_border_color=&#8221;rgba(0,0,0,0)&#8221; [&hellip;]<\/p>",
        "protected": false
    },
    "author": 1,
    "featured_media": 44,
    "parent": 0,
    "menu_order": 2,
    "comment_status": "closed",
    "ping_status": "closed",
    "template": "",
    "meta": {
        "_et_pb_use_builder": "on",
        "_et_pb_old_content": "<!-- wp:paragraph {\"align\":\"left\",\"dropCap\":true,\"customTextColor\":\"#6e3694\"} -->\n<p style=\"color:#6e3694;text-align:left\" class=\"has-text-color has-drop-cap\">Youth Centres UP este un proiect finan\u021bat de&nbsp;<strong>Corpul European de Solidaritate<\/strong>, proiect care \u00ee\u0219i propune s\u0103 creeze noi&nbsp;<strong>spa\u021bii sigure<\/strong>, de exprimare \u0219i \u00eenv\u0103\u021bare pentru tineri. De asemenea, \u00een contextul \u00een care Timi\u0219oara va fi Capital\u0103 European\u0103 a Culturii \u00een 2021, avem nevoie de spa\u021bii unde tinerii s\u0103 se poat\u0103 exprima \u0219i dezvolta \u00een mod liber.&nbsp;<strong>Centrele de tineret de cartier<\/strong>&nbsp;vor fi spa\u021bii ale tuturor tinerilor, indiferent de identitate, preferin\u021be, sex, religie sau alte caracteristici. Proiectul \u00ee\u0219i propune, astfel, s\u0103 pun\u0103 bazele ca ele s\u0103 devin\u0103 spa\u021bii de comunicare \u00eentre tineri \u0219i comunitate, locul unde ei vin \u00eempreun\u0103 \u0219i (se) dezvolt\u0103.<\/p>\n<!-- \/wp:paragraph -->\n\n<!-- wp:paragraph {\"customTextColor\":\"#6e3694\"} -->\n<p style=\"color:#6e3694\" class=\"has-text-color\">Pe o perioad\u0103 de&nbsp;<strong>40 de zile<\/strong>, tineri cet\u0103\u021beni ai&nbsp;<strong>20 de \u021b\u0103ri europene<\/strong>&nbsp;se vor implica \u00een activit\u0103\u021bi de solidaritate, sub form\u0103 de voluntariat, al\u0103turi de comunitatea timi\u0219orean\u0103, pentru a amenaja \u00eempreun\u0103 \u0219i a transforma vechi centrale termice \u00een centre de tineret urbane.<\/p>\n<!-- \/wp:paragraph -->\n\n<!-- wp:gallery {\"ids\":[98,99],\"align\":\"center\"} -->\n<ul class=\"wp-block-gallery aligncenter columns-2 is-cropped\"><li class=\"blocks-gallery-item\"><figure><img src=\"http:\/\/youthcentresup.fitt.ro\/wp-content\/uploads\/2019\/07\/64871852_110197033633046_6780733881176817664_n.jpg\" alt=\"\" data-id=\"98\" data-link=\"http:\/\/youthcentresup.fitt.ro\/?attachment_id=98\" class=\"wp-image-98\"\/><\/figure><\/li><li class=\"blocks-gallery-item\"><figure><img src=\"http:\/\/youthcentresup.fitt.ro\/wp-content\/uploads\/2019\/07\/67215858_110194033633346_7289131277423214592_n.jpg\" alt=\"\" data-id=\"99\" data-link=\"http:\/\/youthcentresup.fitt.ro\/?attachment_id=99\" class=\"wp-image-99\"\/><\/figure><\/li><\/ul>\n<!-- \/wp:gallery -->",
        "_et_gb_content_width": ""
    },
    "_links": {
        "self": [
            {
                "href": "https:\/\/youthcentresup.fitt.ro\/en\/index.php?rest_route=\/wp\/v2\/pages\/68"
            }
        ],
        "collection": [
            {
                "href": "https:\/\/youthcentresup.fitt.ro\/en\/index.php?rest_route=\/wp\/v2\/pages"
            }
        ],
        "about": [
            {
                "href": "https:\/\/youthcentresup.fitt.ro\/en\/index.php?rest_route=\/wp\/v2\/types\/page"
            }
        ],
        "author": [
            {
                "embeddable": true,
                "href": "https:\/\/youthcentresup.fitt.ro\/en\/index.php?rest_route=\/wp\/v2\/users\/1"
            }
        ],
        "replies": [
            {
                "embeddable": true,
                "href": "https:\/\/youthcentresup.fitt.ro\/en\/index.php?rest_route=%2Fwp%2Fv2%2Fcomments&post=68"
            }
        ],
        "version-history": [
            {
                "count": 80,
                "href": "https:\/\/youthcentresup.fitt.ro\/en\/index.php?rest_route=\/wp\/v2\/pages\/68\/revisions"
            }
        ],
        "predecessor-version": [
            {
                "id": 1435,
                "href": "https:\/\/youthcentresup.fitt.ro\/en\/index.php?rest_route=\/wp\/v2\/pages\/68\/revisions\/1435"
            }
        ],
        "wp:featuredmedia": [
            {
                "embeddable": true,
                "href": "https:\/\/youthcentresup.fitt.ro\/en\/index.php?rest_route=\/wp\/v2\/media\/44"
            }
        ],
        "wp:attachment": [
            {
                "href": "https:\/\/youthcentresup.fitt.ro\/en\/index.php?rest_route=%2Fwp%2Fv2%2Fmedia&parent=68"
            }
        ],
        "curies": [
            {
                "name": "wp",
                "href": "https:\/\/api.w.org\/{rel}",
                "templated": true
            }
        ]
    }
}